{"id":51,"date":"2019-06-18T18:53:40","date_gmt":"2019-06-18T18:53:40","guid":{"rendered":"https:\/\/josephinehock.de\/?p=51"},"modified":"2023-05-08T13:44:23","modified_gmt":"2023-05-08T13:44:23","slug":"nor-vom-kirchturm-kann-man-die-zugspitze-sehen","status":"publish","type":"post","link":"https:\/\/josephinehock.de\/en\/nor-vom-kirchturm-kann-man-die-zugspitze-sehen\/","title":{"rendered":"NOR. The Zugspitze can be seen from the church tower"},"content":{"rendered":"<p>There is the structure in the low-structure room. The village is home to some, actually most. So for those who are still there and for those who come after all to visit the parents. If there is space in the freezer, slaughtering takes place. When you sing, it's not because it sounds nice, but because it feels right. The pastor's child cannot roller-skate and will never learn it. But that's not a problem, because the bus arrives at 7:24 a.m. <br>30 years after the end of the GDR, \"NOR.\" takes a look at the state of affairs in a Thuringian village. <\/p>\n\n\n\n<p>Documentary theater with objects about life in places where everyone just drives through. <\/p>\n\n\n\n<blockquote class=\"wp-block-quote is-layout-flow wp-block-quote-is-layout-flow\"><p>\u201cFor almost three quarters of an hour, Josephine Hock holds the acting tension and thus the attention of her audience. She can be comic, girly, serious, and ugly - and she can: breaks. She has an extremely fine sensorium for silence, for the unspoken question in the room: Is that so in the country or is it a punch line? \"<\/p><cite class=\"translation-block\">Jury justification for the award at Freisprung Festival Rostock 2019<\/cite><\/blockquote>\n\n\n\n<figure class=\"wp-block-image\"><img loading=\"lazy\" decoding=\"async\" width=\"1024\" height=\"683\" src=\"https:\/\/josephinehock.de\/wp-content\/uploads\/2019\/07\/SzenenstudienII_HSBerlin_PG4584-1024x683.jpg\" alt=\"\" class=\"wp-image-163\" srcset=\"https:\/\/josephinehock.de\/wp-content\/uploads\/2019\/07\/SzenenstudienII_HSBerlin_PG4584-1024x683.jpg 1024w, https:\/\/josephinehock.de\/wp-content\/uploads\/2019\/07\/SzenenstudienII_HSBerlin_PG4584-300x200.jpg 300w, https:\/\/josephinehock.de\/wp-content\/uploads\/2019\/07\/SzenenstudienII_HSBerlin_PG4584-768x512.jpg 768w, https:\/\/josephinehock.de\/wp-content\/uploads\/2019\/07\/SzenenstudienII_HSBerlin_PG4584-1200x800.jpg 1200w, https:\/\/josephinehock.de\/wp-content\/uploads\/2019\/07\/SzenenstudienII_HSBerlin_PG4584-1860x1240.jpg 1860w\" sizes=\"auto, (max-width: 1024px) 100vw, 1024px\" \/><figcaption>Foto: Georg P\u00f6hlein &#8211; internationales figuren.theater.festival erlangen<\/figcaption><\/figure>\n\n\n\n<p>Idee und Realisierung: Josephine Hock<br>Dramaturgie: Clara Fritsche <br>Unterst\u00fctzung B\u00fchnenelektrizit\u00e4t: Ingo Mewes <br>Plakatgestaltung: Robert Ziesenis<br>Diplominszenierung an der Hochschule f\u00fcr Schauspielkunst \u201eErnst Busch\u201c Berlin, Abteilung Zeitgen\u00f6ssische Puppenspielkunst <\/p>\n\n\n\n<p>Premiere: 27.05.19 beim internationalen figuren.theater.festival Erlangen<\/p>\n\n\n\n<figure class=\"wp-block-image\"><img loading=\"lazy\" decoding=\"async\" width=\"1024\" height=\"683\" src=\"https:\/\/josephinehock.de\/wp-content\/uploads\/2019\/10\/NOR_Querformat_B\u00fchne-\u00a9-Weltgestalten-1024x683.jpg\" alt=\"\" class=\"wp-image-221\" srcset=\"https:\/\/josephinehock.de\/wp-content\/uploads\/2019\/10\/NOR_Querformat_B\u00fchne-\u00a9-Weltgestalten-1024x683.jpg 1024w, https:\/\/josephinehock.de\/wp-content\/uploads\/2019\/10\/NOR_Querformat_B\u00fchne-\u00a9-Weltgestalten-300x200.jpg 300w, https:\/\/josephinehock.de\/wp-content\/uploads\/2019\/10\/NOR_Querformat_B\u00fchne-\u00a9-Weltgestalten-768x512.jpg 768w, https:\/\/josephinehock.de\/wp-content\/uploads\/2019\/10\/NOR_Querformat_B\u00fchne-\u00a9-Weltgestalten-1200x801.jpg 1200w, https:\/\/josephinehock.de\/wp-content\/uploads\/2019\/10\/NOR_Querformat_B\u00fchne-\u00a9-Weltgestalten-1860x1241.jpg 1860w\" sizes=\"auto, (max-width: 1024px) 100vw, 1024px\" \/><figcaption>Foto: Weltgestalten<\/figcaption><\/figure>\n\n\n\n<p>Ausgezeichnet mit dem 1. Platz beim Freisprung Festival Rostock 2019<\/p>\n\n\n\n<p>Nominiert f\u00fcr den Aargauer F\u00f6rderpreis f\u00fcr junges Figurentheater &#8222;Gr\u00fcnschnabel&#8220; 2020<\/p>\n\n\n\n<figure class=\"wp-block-embed is-type-video is-provider-vimeo wp-block-embed-vimeo wp-embed-aspect-18-9 wp-has-aspect-ratio\"><div class=\"wp-block-embed__wrapper\">\n<iframe loading=\"lazy\" title=\"NOR. Vom Kirchturm kann man die Zugspitze sehen (Trailer)\" src=\"https:\/\/player.vimeo.com\/video\/345861667?dnt=1&amp;app_id=122963\" width=\"560\" height=\"280\" frameborder=\"0\" allow=\"autoplay; fullscreen; picture-in-picture; clipboard-write\"><\/iframe>\n<\/div><\/figure>\n\n\n\n<p>Gastspiele: Erlangen, Lingen, Berlin, Rostock, Ludwigslust, Greifswald, Halle, Bad Liebenwerda, M\u00fcnchen, Braunschweig, Bochum, Cottbus, Potsdam, Dessau, Mannheim, Osnabr\u00fcck<\/p>\n\n\n\n<p>Mit freundlicher Unterst\u00fctzung durch den Deutschen B\u00fchnenverein, Landesverband Berlin<\/p>\n\n\n<div class=\"wp-block-image\">\n<figure class=\"alignright is-resized\"><img loading=\"lazy\" decoding=\"async\" src=\"https:\/\/josephinehock.de\/wp-content\/uploads\/2019\/07\/DBLogo_Berlin_RGB-1024x328.jpg\" alt=\"\" class=\"wp-image-180\" width=\"267\" height=\"84\" srcset=\"https:\/\/josephinehock.de\/wp-content\/uploads\/2019\/07\/DBLogo_Berlin_RGB-300x96.jpg 300w, https:\/\/josephinehock.de\/wp-content\/uploads\/2019\/07\/DBLogo_Berlin_RGB-1200x384.jpg 1200w, https:\/\/josephinehock.de\/wp-content\/uploads\/2019\/07\/DBLogo_Berlin_RGB.jpg 1556w\" sizes=\"auto, (max-width: 267px) 100vw, 267px\" \/><\/figure><\/div>","protected":false},"excerpt":{"rendered":"<p>Da ist die Struktur im strukturarmen Raum. Das Dorf ist f\u00fcr manche Heimat, eigentlich f\u00fcr die meisten. Also f\u00fcr die, die noch da sind und f\u00fcr die, die immerhin kommen um die Eltern zu besuchen. Wenn Platz im Gefrierschrank ist, wird geschlachtet. Wenn man singt, dann nicht, weil es sch\u00f6n klingt, sondern weil es sich [&hellip;]<\/p>\n","protected":false},"author":2,"featured_media":73,"comment_status":"closed","ping_status":"open","sticky":false,"template":"","format":"standard","meta":{"footnotes":""},"categories":[1],"tags":[],"class_list":["post-51","post","type-post","status-publish","format-standard","has-post-thumbnail","hentry","category-uncategorized","has-thumbnail"],"_links":{"self":[{"href":"https:\/\/josephinehock.de\/en\/wp-json\/wp\/v2\/posts\/51","targetHints":{"allow":["GET"]}}],"collection":[{"href":"https:\/\/josephinehock.de\/en\/wp-json\/wp\/v2\/posts"}],"about":[{"href":"https:\/\/josephinehock.de\/en\/wp-json\/wp\/v2\/types\/post"}],"author":[{"embeddable":true,"href":"https:\/\/josephinehock.de\/en\/wp-json\/wp\/v2\/users\/2"}],"replies":[{"embeddable":true,"href":"https:\/\/josephinehock.de\/en\/wp-json\/wp\/v2\/comments?post=51"}],"version-history":[{"count":29,"href":"https:\/\/josephinehock.de\/en\/wp-json\/wp\/v2\/posts\/51\/revisions"}],"predecessor-version":[{"id":750,"href":"https:\/\/josephinehock.de\/en\/wp-json\/wp\/v2\/posts\/51\/revisions\/750"}],"wp:featuredmedia":[{"embeddable":true,"href":"https:\/\/josephinehock.de\/en\/wp-json\/wp\/v2\/media\/73"}],"wp:attachment":[{"href":"https:\/\/josephinehock.de\/en\/wp-json\/wp\/v2\/media?parent=51"}],"wp:term":[{"taxonomy":"category","embeddable":true,"href":"https:\/\/josephinehock.de\/en\/wp-json\/wp\/v2\/categories?post=51"},{"taxonomy":"post_tag","embeddable":true,"href":"https:\/\/josephinehock.de\/en\/wp-json\/wp\/v2\/tags?post=51"}],"curies":[{"name":"wp","href":"https:\/\/api.w.org\/{rel}","templated":true}]}}